{"id":97,"date":"2016-05-25T14:57:54","date_gmt":"2016-05-25T14:57:54","guid":{"rendered":"https:\/\/rv-falke.de\/?p=97"},"modified":"2016-05-25T14:57:54","modified_gmt":"2016-05-25T14:57:54","slug":"der-rv-falke-laedt-zur-vereinsfeier","status":"publish","type":"post","link":"https:\/\/rv-falke.de\/index.php\/2016\/05\/25\/der-rv-falke-laedt-zur-vereinsfeier\/","title":{"rendered":"Der RV Falke l\u00e4dt zur Vereinsfeier"},"content":{"rendered":"\n<!-- ngfb schema image for pinterest pin it button -->\n<div class=\"ngfb-schema-image-for-pinterest\" style=\"display:none;\">\n<img loading=\"lazy\" decoding=\"async\" src=\"https:\/\/rv-falke.de\/wp-content\/uploads\/2016\/05\/Beitrag01.jpg\" width=\"0\" height=\"0\" style=\"width:0;height:0;\" data-pin-description=\"Hallo Leute, es ist mal wieder soweit. Die allj&auml;hrliche Vereinsfeier findet am Samstag dem 4. Juni wieder statt. Der Vereinsvorstand hat sich einiges einfallen lassen. Auf dem Plan stehen eine Wanderung auf einem Teil des Kaltensteinpfades. Auch...\" alt=\"\"\/>\n<\/div><!-- .ngfb-schema-image-for-pinterest -->\n\n<p>Hallo Leute,<\/p>\n<p>es ist mal wieder soweit. Die allj\u00e4hrliche Vereinsfeier findet am Samstag dem 4. Juni wieder statt. Der Vereinsvorstand hat sich einiges einfallen lassen. Auf dem Plan stehen eine Wanderung auf einem Teil des Kaltensteinpfades. Auch ist an die G\u00e4ste gedacht, welche ohne Rad nicht leben k\u00f6nnen. \ud83d\ude09 Eine Runde mit dem Mountain-Bike oder Crosser ist geplant. Als Ziel wurde der Litermont ausgegeben. Als Einstimmung zur Feier soll die Runde eher als Genussfahrt gefahren werden. N\u00e4heres \u00fcber diesen beiden Programmpunkte wird noch bekannt gegeben. Jedenfalls ist zur Wanderung gutes Schuhwerk gefordert. Bei der Radtour ist ein Helm und ein technisch einwandfreies Rad gefordert.<\/p>\n<p><a href=\"https:\/\/rv-falke.de\/wp-content\/uploads\/2015\/12\/Logo_wei\u00df.png\"><img loading=\"lazy\" decoding=\"async\" class=\"alignleft wp-image-11 \" src=\"https:\/\/rv-falke.de\/wp-content\/uploads\/2015\/12\/Logo_wei\u00df-150x150.png\" alt=\"RV-Falke Lebach\" width=\"122\" height=\"122\" \/><\/a>Dass eine Wanderung bzw. eine Radtour Energie erfordert ist nat\u00fcrlich am Ziel an der Reservistenh\u00fctte in\u00a0Zollstock f\u00fcr ausreichenden Energienachschub gesorgt. Ein professioneller Schwenker ist schon gebucht. Der Nachtisch in Form von leckerem Kuchen soll die Energiespeicher wieder f\u00fcllen. Verschiedene Sorten von isotonischen Getr\u00e4nken aus Gerstensaft und weiteren S\u00e4ften stehen ebenfalls zur Verf\u00fcgung.<\/p>\n<p>Wir w\u00fcnschen uns eine rege Teilnahme der Vereinsmitglieder. F\u00fcr diese sind alle Getr\u00e4nke und Speisen kostenlos. Allerdings freuen wir uns ebenfalls sehr auf nicht Vereinsmitglieder. Ziel ist es, dass alle Nichtvereinsmitglieder den RV-Falke kennenlernen k\u00f6nnen.<\/p>\n<p>&nbsp;<\/p>\n<p>Anmeldungen unter: <a href=\"mailto:\/\/kontakt@rv-falke.de\">Mail an RV Falke<\/a><\/p>\n<hr \/>\n<h4>Daten Vereinsfeier des RV-Falke:<\/h4>\n<p><strong>Ort:<\/strong> Lebach Zollstock, Helmut-Dittrich-Platz (Reservistenplatz)<\/p>\n<p><strong>Geo Daten:<\/strong> Breitengrad: 49.39238831750542 L\u00e4ngengrad: 6.887674087338382<\/p>\n<p><strong>Datum:<\/strong> Samstag 4. Juni, Beginn 11.00 Uhr zum Start der Wanderung oder zur gemeinsamen Fahrt mit dem MTB oder Crossrad. Ab 14.00 Uhr beginnt dann die Feier.<\/p>\n<hr \/>\n<p>&nbsp;<\/p>\n<p>Der Vorstand<\/p>\n\n<!-- NgfbSharing::get_buttons content filter skipped: buttons_on_index not enabled -->\n","protected":false},"excerpt":{"rendered":"<p>Hallo Leute, es ist mal wieder soweit. Die allj\u00e4hrliche Vereinsfeier findet am Samstag dem 4. Juni wieder statt. Der Vereinsvorstand<br \/>\n<!-- NgfbSharing::get_buttons excerpt filter skipped: buttons_on_index not enabled --><\/p>\n","protected":false},"author":1,"featured_media":103,"comment_status":"open","ping_status":"open","sticky":false,"template":"","format":"standard","meta":{"colormag_page_container_layout":"default_layout","colormag_page_sidebar_layout":"default_layout","footnotes":""},"categories":[1],"tags":[],"class_list":["post-97","post","type-post","status-publish","format-standard","has-post-thumbnail","hentry","category-aktuell"],"_links":{"self":[{"href":"https:\/\/rv-falke.de\/index.php\/wp-json\/wp\/v2\/posts\/97","targetHints":{"allow":["GET"]}}],"collection":[{"href":"https:\/\/rv-falke.de\/index.php\/wp-json\/wp\/v2\/posts"}],"about":[{"href":"https:\/\/rv-falke.de\/index.php\/wp-json\/wp\/v2\/types\/post"}],"author":[{"embeddable":true,"href":"https:\/\/rv-falke.de\/index.php\/wp-json\/wp\/v2\/users\/1"}],"replies":[{"embeddable":true,"href":"https:\/\/rv-falke.de\/index.php\/wp-json\/wp\/v2\/comments?post=97"}],"version-history":[{"count":10,"href":"https:\/\/rv-falke.de\/index.php\/wp-json\/wp\/v2\/posts\/97\/revisions"}],"predecessor-version":[{"id":109,"href":"https:\/\/rv-falke.de\/index.php\/wp-json\/wp\/v2\/posts\/97\/revisions\/109"}],"wp:featuredmedia":[{"embeddable":true,"href":"https:\/\/rv-falke.de\/index.php\/wp-json\/wp\/v2\/media\/103"}],"wp:attachment":[{"href":"https:\/\/rv-falke.de\/index.php\/wp-json\/wp\/v2\/media?parent=97"}],"wp:term":[{"taxonomy":"category","embeddable":true,"href":"https:\/\/rv-falke.de\/index.php\/wp-json\/wp\/v2\/categories?post=97"},{"taxonomy":"post_tag","embeddable":true,"href":"https:\/\/rv-falke.de\/index.php\/wp-json\/wp\/v2\/tags?post=97"}],"curies":[{"name":"wp","href":"https:\/\/api.w.org\/{rel}","templated":true}]}}